{"id":45832,"date":"2025-04-29T09:05:46","date_gmt":"2025-04-29T07:05:46","guid":{"rendered":"https:\/\/montinafranciacorta.it\/the-m-movement-wine-as-the-eighth-art\/"},"modified":"2025-04-29T09:34:24","modified_gmt":"2025-04-29T07:34:24","slug":"the-m-movement-wine-as-the-eighth-art","status":"publish","type":"post","link":"https:\/\/montinafranciacorta.it\/en\/the-m-movement-wine-as-the-eighth-art\/","title":{"rendered":"\u201cTHE M MOVEMENT\u201d WINE AS THE EIGHTH ART"},"content":{"rendered":"\t\t<div data-elementor-type=\"wp-post\" data-elementor-id=\"45832\" class=\"elementor elementor-45832 elementor-45821\" data-elementor-post-type=\"post\">\n\t\t\t\t\t\t<section class=\"elementor-section elementor-top-section elementor-element elementor-element-c149e97 elementor-section-boxed elementor-section-height-default elementor-section-height-default\" data-id=\"c149e97\" data-element_type=\"section\" data-e-type=\"section\">\n\t\t\t\t\t\t<div class=\"elementor-container elementor-column-gap-default\">\n\t\t\t\t\t<div class=\"elementor-column elementor-col-100 elementor-top-column elementor-element elementor-element-81687b8\" data-id=\"81687b8\" data-element_type=\"column\" data-e-type=\"column\">\n\t\t\t<div class=\"elementor-widget-wrap elementor-element-populated\">\n\t\t\t\t\t\t<div class=\"elementor-element elementor-element-a817d32 elementor-widget elementor-widget-spacer\" data-id=\"a817d32\" data-element_type=\"widget\" data-e-type=\"widget\" data-widget_type=\"spacer.default\">\n\t\t\t\t<div class=\"elementor-widget-container\">\n\t\t\t\t\t\t\t<div class=\"elementor-spacer\">\n\t\t\t<div class=\"elementor-spacer-inner\"><\/div>\n\t\t<\/div>\n\t\t\t\t\t\t<\/div>\n\t\t\t\t<\/div>\n\t\t\t\t<div class=\"elementor-element elementor-element-438762f elementor-widget elementor-widget-heading\" data-id=\"438762f\" data-element_type=\"widget\" data-e-type=\"widget\" data-widget_type=\"heading.default\">\n\t\t\t\t<div class=\"elementor-widget-container\">\n\t\t\t\t\t<h1 class=\"elementor-heading-title elementor-size-default\">Introducing The M Movement: Wine as the Eighth Art <\/h1>\t\t\t\t<\/div>\n\t\t\t\t<\/div>\n\t\t\t\t<div class=\"elementor-element elementor-element-283fcbc elementor-widget elementor-widget-heading\" data-id=\"283fcbc\" data-element_type=\"widget\" data-e-type=\"widget\" data-widget_type=\"heading.default\">\n\t\t\t\t<div class=\"elementor-widget-container\">\n\t\t\t\t\t<h1 class=\"elementor-heading-title elementor-size-default\">Wine as the Eighth Art<\/h1>\t\t\t\t<\/div>\n\t\t\t\t<\/div>\n\t\t\t\t<div class=\"elementor-element elementor-element-0f0755c elementor-widget elementor-widget-spacer\" data-id=\"0f0755c\" data-element_type=\"widget\" data-e-type=\"widget\" data-widget_type=\"spacer.default\">\n\t\t\t\t<div class=\"elementor-widget-container\">\n\t\t\t\t\t\t\t<div class=\"elementor-spacer\">\n\t\t\t<div class=\"elementor-spacer-inner\"><\/div>\n\t\t<\/div>\n\t\t\t\t\t\t<\/div>\n\t\t\t\t<\/div>\n\t\t\t\t<div class=\"elementor-element elementor-element-88fbda7 elementor-widget elementor-widget-text-editor\" data-id=\"88fbda7\" data-element_type=\"widget\" data-e-type=\"widget\" data-widget_type=\"text-editor.default\">\n\t\t\t\t<div class=\"elementor-widget-container\">\n\t\t\t\t\t\t\t\t\t<p>We are proud to present <em data-start=\"295\" data-end=\"311\">The M Movement<\/em>, our new cultural manifesto: a bold evolution that transforms Montina from a winery that celebrates art to a living, participatory creative workshop.<\/p><h4>With this project, we aim to affirm a vision that has always belonged to us: wine is art. The eighth form of art. <\/h4>\t\t\t\t\t\t\t\t<\/div>\n\t\t\t\t<\/div>\n\t\t\t\t<div class=\"elementor-element elementor-element-5a5e929 elementor-widget-divider--view-line elementor-widget elementor-widget-divider\" data-id=\"5a5e929\" data-element_type=\"widget\" data-e-type=\"widget\" data-widget_type=\"divider.default\">\n\t\t\t\t<div class=\"elementor-widget-container\">\n\t\t\t\t\t\t\t<div class=\"elementor-divider\">\n\t\t\t<span class=\"elementor-divider-separator\">\n\t\t\t\t\t\t<\/span>\n\t\t<\/div>\n\t\t\t\t\t\t<\/div>\n\t\t\t\t<\/div>\n\t\t\t\t<div class=\"elementor-element elementor-element-63c662f elementor-widget elementor-widget-text-editor\" data-id=\"63c662f\" data-element_type=\"widget\" data-e-type=\"widget\" data-widget_type=\"text-editor.default\">\n\t\t\t\t<div class=\"elementor-widget-container\">\n\t\t\t\t\t\t\t\t\t<h3 data-start=\"599\" data-end=\"635\">From Winemaking to Living Art<\/h3><p class=\"\" data-start=\"637\" data-end=\"917\">We\u2019ve chosen to tell the story of wine not just as a product, but as an artistic process. A creative act born from the land, shaped by time, and brought to life through human knowledge. A gesture that blends technique and intuition, capable of creating emotion, experience, and culture.  <\/p><p class=\"\" data-start=\"919\" data-end=\"1078\">With <em data-start=\"923\" data-end=\"939\">The M Movement<\/em>, we give voice to this vision. Our manifesto is a poetic and powerful statement: <strong>those who drink contemplate, those who produce create<\/strong>. <\/p>\t\t\t\t\t\t\t\t<\/div>\n\t\t\t\t<\/div>\n\t\t\t\t<div class=\"elementor-element elementor-element-86a9361 elementor-widget elementor-widget-spacer\" data-id=\"86a9361\" data-element_type=\"widget\" data-e-type=\"widget\" data-widget_type=\"spacer.default\">\n\t\t\t\t<div class=\"elementor-widget-container\">\n\t\t\t\t\t\t\t<div class=\"elementor-spacer\">\n\t\t\t<div class=\"elementor-spacer-inner\"><\/div>\n\t\t<\/div>\n\t\t\t\t\t\t<\/div>\n\t\t\t\t<\/div>\n\t\t\t\t\t<\/div>\n\t\t<\/div>\n\t\t\t\t\t<\/div>\n\t\t<\/section>\n\t\t\t\t<section class=\"elementor-section elementor-top-section elementor-element elementor-element-844a301 elementor-section-boxed elementor-section-height-default elementor-section-height-default\" data-id=\"844a301\" data-element_type=\"section\" data-e-type=\"section\">\n\t\t\t\t\t\t<div class=\"elementor-container elementor-column-gap-default\">\n\t\t\t\t\t<div class=\"elementor-column elementor-col-33 elementor-top-column elementor-element elementor-element-49413c2\" data-id=\"49413c2\" data-element_type=\"column\" data-e-type=\"column\">\n\t\t\t<div class=\"elementor-widget-wrap elementor-element-populated\">\n\t\t\t\t\t\t<div class=\"elementor-element elementor-element-1fe19bf elementor-widget elementor-widget-image\" data-id=\"1fe19bf\" data-element_type=\"widget\" data-e-type=\"widget\" data-widget_type=\"image.default\">\n\t\t\t\t<div class=\"elementor-widget-container\">\n\t\t\t\t\t\t\t\t\t\t\t\t\t\t\t<img fetchpriority=\"high\" decoding=\"async\" width=\"819\" height=\"1024\" src=\"https:\/\/montinafranciacorta.it\/wp-content\/uploads\/2025\/04\/MONTINA_post_avvicinamento_01-819x1024.jpg\" class=\"attachment-large size-large wp-image-45824\" alt=\"Manifesto the m mob\u00ecvenent montina franciacorta\" srcset=\"https:\/\/montinafranciacorta.it\/wp-content\/uploads\/2025\/04\/MONTINA_post_avvicinamento_01-819x1024.jpg 819w, https:\/\/montinafranciacorta.it\/wp-content\/uploads\/2025\/04\/MONTINA_post_avvicinamento_01-240x300.jpg 240w, https:\/\/montinafranciacorta.it\/wp-content\/uploads\/2025\/04\/MONTINA_post_avvicinamento_01-768x960.jpg 768w, https:\/\/montinafranciacorta.it\/wp-content\/uploads\/2025\/04\/MONTINA_post_avvicinamento_01-1229x1536.jpg 1229w, https:\/\/montinafranciacorta.it\/wp-content\/uploads\/2025\/04\/MONTINA_post_avvicinamento_01-1638x2048.jpg 1638w, https:\/\/montinafranciacorta.it\/wp-content\/uploads\/2025\/04\/MONTINA_post_avvicinamento_01-scaled.jpg 2048w\" sizes=\"(max-width: 819px) 100vw, 819px\" \/>\t\t\t\t\t\t\t\t\t\t\t\t\t\t\t<\/div>\n\t\t\t\t<\/div>\n\t\t\t\t\t<\/div>\n\t\t<\/div>\n\t\t\t\t<div class=\"elementor-column elementor-col-33 elementor-top-column elementor-element elementor-element-92f50a1\" data-id=\"92f50a1\" data-element_type=\"column\" data-e-type=\"column\">\n\t\t\t<div class=\"elementor-widget-wrap elementor-element-populated\">\n\t\t\t\t\t\t<div class=\"elementor-element elementor-element-bc4e821 elementor-widget elementor-widget-image\" data-id=\"bc4e821\" data-element_type=\"widget\" data-e-type=\"widget\" data-widget_type=\"image.default\">\n\t\t\t\t<div class=\"elementor-widget-container\">\n\t\t\t\t\t\t\t\t\t\t\t\t\t\t\t<img decoding=\"async\" width=\"819\" height=\"1024\" src=\"https:\/\/montinafranciacorta.it\/wp-content\/uploads\/2025\/04\/MONTINA_post_avvicinamento_02-819x1024.jpg\" class=\"attachment-large size-large wp-image-45827\" alt=\"concept movimento artistico the mmovement montina franciacorta\" srcset=\"https:\/\/montinafranciacorta.it\/wp-content\/uploads\/2025\/04\/MONTINA_post_avvicinamento_02-819x1024.jpg 819w, https:\/\/montinafranciacorta.it\/wp-content\/uploads\/2025\/04\/MONTINA_post_avvicinamento_02-240x300.jpg 240w, https:\/\/montinafranciacorta.it\/wp-content\/uploads\/2025\/04\/MONTINA_post_avvicinamento_02-768x960.jpg 768w, https:\/\/montinafranciacorta.it\/wp-content\/uploads\/2025\/04\/MONTINA_post_avvicinamento_02-1229x1536.jpg 1229w, https:\/\/montinafranciacorta.it\/wp-content\/uploads\/2025\/04\/MONTINA_post_avvicinamento_02-1638x2048.jpg 1638w, https:\/\/montinafranciacorta.it\/wp-content\/uploads\/2025\/04\/MONTINA_post_avvicinamento_02-scaled.jpg 2048w\" sizes=\"(max-width: 819px) 100vw, 819px\" \/>\t\t\t\t\t\t\t\t\t\t\t\t\t\t\t<\/div>\n\t\t\t\t<\/div>\n\t\t\t\t\t<\/div>\n\t\t<\/div>\n\t\t\t\t<div class=\"elementor-column elementor-col-33 elementor-top-column elementor-element elementor-element-a568478\" data-id=\"a568478\" data-element_type=\"column\" data-e-type=\"column\">\n\t\t\t<div class=\"elementor-widget-wrap elementor-element-populated\">\n\t\t\t\t\t\t<div class=\"elementor-element elementor-element-0164acd elementor-widget elementor-widget-image\" data-id=\"0164acd\" data-element_type=\"widget\" data-e-type=\"widget\" data-widget_type=\"image.default\">\n\t\t\t\t<div class=\"elementor-widget-container\">\n\t\t\t\t\t\t\t\t\t\t\t\t\t\t\t<img decoding=\"async\" width=\"819\" height=\"1024\" src=\"https:\/\/montinafranciacorta.it\/wp-content\/uploads\/2025\/04\/MONTINA_post_avvicinamento_03-819x1024.jpg\" class=\"attachment-large size-large wp-image-45830\" alt=\"campagna pubblicitaria vino franciacorta montina 2025\" srcset=\"https:\/\/montinafranciacorta.it\/wp-content\/uploads\/2025\/04\/MONTINA_post_avvicinamento_03-819x1024.jpg 819w, https:\/\/montinafranciacorta.it\/wp-content\/uploads\/2025\/04\/MONTINA_post_avvicinamento_03-240x300.jpg 240w, https:\/\/montinafranciacorta.it\/wp-content\/uploads\/2025\/04\/MONTINA_post_avvicinamento_03-768x960.jpg 768w, https:\/\/montinafranciacorta.it\/wp-content\/uploads\/2025\/04\/MONTINA_post_avvicinamento_03-1229x1536.jpg 1229w, https:\/\/montinafranciacorta.it\/wp-content\/uploads\/2025\/04\/MONTINA_post_avvicinamento_03-1638x2048.jpg 1638w, https:\/\/montinafranciacorta.it\/wp-content\/uploads\/2025\/04\/MONTINA_post_avvicinamento_03-scaled.jpg 2048w\" sizes=\"(max-width: 819px) 100vw, 819px\" \/>\t\t\t\t\t\t\t\t\t\t\t\t\t\t\t<\/div>\n\t\t\t\t<\/div>\n\t\t\t\t\t<\/div>\n\t\t<\/div>\n\t\t\t\t\t<\/div>\n\t\t<\/section>\n\t\t\t\t<section class=\"elementor-section elementor-top-section elementor-element elementor-element-95bdac3 elementor-section-boxed elementor-section-height-default elementor-section-height-default\" data-id=\"95bdac3\" data-element_type=\"section\" data-e-type=\"section\">\n\t\t\t\t\t\t<div class=\"elementor-container elementor-column-gap-default\">\n\t\t\t\t\t<div class=\"elementor-column elementor-col-100 elementor-top-column elementor-element elementor-element-d7d377e\" data-id=\"d7d377e\" data-element_type=\"column\" data-e-type=\"column\">\n\t\t\t<div class=\"elementor-widget-wrap elementor-element-populated\">\n\t\t\t\t\t\t<div class=\"elementor-element elementor-element-a8488e8 elementor-widget elementor-widget-spacer\" data-id=\"a8488e8\" data-element_type=\"widget\" data-e-type=\"widget\" data-widget_type=\"spacer.default\">\n\t\t\t\t<div class=\"elementor-widget-container\">\n\t\t\t\t\t\t\t<div class=\"elementor-spacer\">\n\t\t\t<div class=\"elementor-spacer-inner\"><\/div>\n\t\t<\/div>\n\t\t\t\t\t\t<\/div>\n\t\t\t\t<\/div>\n\t\t\t\t<div class=\"elementor-element elementor-element-d1f54e5 elementor-widget elementor-widget-text-editor\" data-id=\"d1f54e5\" data-element_type=\"widget\" data-e-type=\"widget\" data-widget_type=\"text-editor.default\">\n\t\t\t\t<div class=\"elementor-widget-container\">\n\t\t\t\t\t\t\t\t\t<h3 data-start=\"1085\" data-end=\"1130\">The Winery Becomes a Creative Laboratory<\/h3><p class=\"\" data-start=\"1132\" data-end=\"1435\">Oggi Montina \u00e8 molto pi\u00f9 di una cantina. \u00c8 uno spazio dove l\u2019arte viene non solo accolta, ma anche creata, condivisa e vissuta.<br data-start=\"1262\" data-end=\"1265\">Abbiamo immaginato un<a href=\"https:\/\/montinafranciacorta.it\/en\/art-gallery\/\" target=\"_blank\" rel=\"noopener\"> luogo aperto<\/a> \u2013 fisico e digitale \u2013 dove artisti, performer e creativi possano dialogare con il mondo del vino e interpretarlo come forma espressiva. <\/p><p class=\"\" data-start=\"1437\" data-end=\"1600\">Every room in our winery, every bottle at rest, every tour becomes part of a broader story: a sensory experience that unites wine, art, and our land.<\/p><h3 data-start=\"1607\" data-end=\"1645\">TikTok and Our Call for Artists<\/h3><p class=\"\" data-start=\"1647\" data-end=\"1910\">A key part of this project will be the launch of our new<a href=\"https:\/\/www.tiktok.com\/@themmovement\" target=\"_blank\" rel=\"noopener\"><em data-start=\"1709\" data-end=\"1725\"> TikTok channel, dedicated to The M Movement<\/em><\/a>. It will serve as a dynamic platform to give voice to the artists we collaborate with, featuring original content: performances, visual storytelling, and videos dedicated to winemaking as living art. <\/p><p class=\"\" data-start=\"1912\" data-end=\"2087\">We will personally invite selected artists, but soon we\u2019ll also open a<em data-start=\"1981\" data-end=\"1999\"> call for artists<\/em>, welcoming anyone who wishes to share their vision inspired by our manifesto and the world of wine.<\/p><h2 class=\"\" data-start=\"2094\" data-end=\"2124\">An Invitation to Create, Together<\/h2><p class=\"\" data-start=\"2126\" data-end=\"2385\">Through <em data-start=\"2130\" data-end=\"2146\">The M Movement<\/em>, we want to build a vibrant cultural network \u2013 a movement that begins with a glass of wine and extends to thought and creative expression.<br data-start=\"2281\" data-end=\"2284\">This is how we celebrate the profound bond between wine and art: no longer just a dialogue, but a true fusion.<\/p><p class=\"\" data-start=\"2387\" data-end=\"2523\">Our invitation is open. To those who observe, interpret, and create.<br data-start=\"2458\" data-end=\"2461\">Because to us, wine is not only something to be tasted \u2014 it\u2019s something to be lived. <\/p>\t\t\t\t\t\t\t\t<\/div>\n\t\t\t\t<\/div>\n\t\t\t\t<div class=\"elementor-element elementor-element-e825c8b elementor-widget elementor-widget-spacer\" data-id=\"e825c8b\" data-element_type=\"widget\" data-e-type=\"widget\" data-widget_type=\"spacer.default\">\n\t\t\t\t<div class=\"elementor-widget-container\">\n\t\t\t\t\t\t\t<div class=\"elementor-spacer\">\n\t\t\t<div class=\"elementor-spacer-inner\"><\/div>\n\t\t<\/div>\n\t\t\t\t\t\t<\/div>\n\t\t\t\t<\/div>\n\t\t\t\t\t<\/div>\n\t\t<\/div>\n\t\t\t\t\t<\/div>\n\t\t<\/section>\n\t\t\t\t<section class=\"elementor-section elementor-top-section elementor-element elementor-element-336b005 elementor-section-boxed elementor-section-height-default elementor-section-height-default\" data-id=\"336b005\" data-element_type=\"section\" data-e-type=\"section\" data-settings=\"{&quot;background_background&quot;:&quot;classic&quot;}\">\n\t\t\t\t\t\t<div class=\"elementor-container elementor-column-gap-default\">\n\t\t\t\t\t<div class=\"elementor-column elementor-col-33 elementor-top-column elementor-element elementor-element-5db3e4d\" data-id=\"5db3e4d\" data-element_type=\"column\" data-e-type=\"column\">\n\t\t\t<div class=\"elementor-widget-wrap\">\n\t\t\t\t\t\t\t<\/div>\n\t\t<\/div>\n\t\t\t\t<div class=\"elementor-column elementor-col-33 elementor-top-column elementor-element elementor-element-7bd802b\" data-id=\"7bd802b\" data-element_type=\"column\" data-e-type=\"column\">\n\t\t\t<div class=\"elementor-widget-wrap elementor-element-populated\">\n\t\t\t\t\t\t<div class=\"elementor-element elementor-element-c36a5e4 elementor-widget elementor-widget-spacer\" data-id=\"c36a5e4\" data-element_type=\"widget\" data-e-type=\"widget\" data-widget_type=\"spacer.default\">\n\t\t\t\t<div class=\"elementor-widget-container\">\n\t\t\t\t\t\t\t<div class=\"elementor-spacer\">\n\t\t\t<div class=\"elementor-spacer-inner\"><\/div>\n\t\t<\/div>\n\t\t\t\t\t\t<\/div>\n\t\t\t\t<\/div>\n\t\t\t\t<div class=\"elementor-element elementor-element-4ee2efe elementor-widget elementor-widget-image\" data-id=\"4ee2efe\" data-element_type=\"widget\" data-e-type=\"widget\" data-widget_type=\"image.default\">\n\t\t\t\t<div class=\"elementor-widget-container\">\n\t\t\t\t\t\t\t\t\t\t\t\t\t\t\t<img loading=\"lazy\" decoding=\"async\" width=\"768\" height=\"179\" src=\"https:\/\/montinafranciacorta.it\/wp-content\/uploads\/2025\/04\/theMmoviment_logo-768x179.png\" class=\"attachment-medium_large size-medium_large wp-image-45789\" alt=\"logo the mmovement montina franciacorta\" srcset=\"https:\/\/montinafranciacorta.it\/wp-content\/uploads\/2025\/04\/theMmoviment_logo-768x179.png 768w, https:\/\/montinafranciacorta.it\/wp-content\/uploads\/2025\/04\/theMmoviment_logo-300x70.png 300w, https:\/\/montinafranciacorta.it\/wp-content\/uploads\/2025\/04\/theMmoviment_logo-1024x239.png 1024w, https:\/\/montinafranciacorta.it\/wp-content\/uploads\/2025\/04\/theMmoviment_logo-1536x358.png 1536w, https:\/\/montinafranciacorta.it\/wp-content\/uploads\/2025\/04\/theMmoviment_logo-2048x478.png 2048w\" sizes=\"(max-width: 768px) 100vw, 768px\" \/>\t\t\t\t\t\t\t\t\t\t\t\t\t\t\t<\/div>\n\t\t\t\t<\/div>\n\t\t\t\t<div class=\"elementor-element elementor-element-2c641e3 elementor-widget elementor-widget-text-editor\" data-id=\"2c641e3\" data-element_type=\"widget\" data-e-type=\"widget\" data-widget_type=\"text-editor.default\">\n\t\t\t\t<div class=\"elementor-widget-container\">\n\t\t\t\t\t\t\t\t\t<h3> <\/h3><h3><span style=\"font-weight: 400;\">WE PROCLAIM<\/span><\/h3><pre><span style=\"font-weight: 400;\"> 01 <\/span><\/pre><p><span style=\"font-weight: 400;\">WINEMAKING AS THE EIGHTH ART, THE TRIUMPH OF THE GRAPE RAISED TO A LIVING MASTERPIECE.<\/span><\/p><h3> <\/h3><h3><span style=\"font-weight: 400;\">WE EMBRACE <\/span><\/h3><pre><span style=\"font-weight: 400;\">02 <\/span><\/pre><p><span style=\"font-weight: 400;\">THE HERITAGE HANDED DOWN TO US, CELEBRATING THE ART OF WINE AS A TRUE FORM OF ARTISTIC EXPRESSION.<\/span><\/p><h3> <\/h3><h3><span style=\"font-weight: 400;\">WE RECOGNISE<\/span><\/h3><pre><span style=\"font-weight: 400;\">03<\/span><\/pre><p><span style=\"font-weight: 400;\"> WINE AS THE LIFEBLOOD OF BOTH MORTAL AND IMMORTAL EXPERIENCES, MARKING JOY AND CONSECRATING THE MOMENT.<\/span><\/p><h3> <\/h3><h3><span style=\"font-weight: 400;\">WE DEFEND <\/span><\/h3><pre><span style=\"font-weight: 400;\">04 <\/span><\/pre><p><span style=\"font-weight: 400;\">FRANCIACORTA CRAFTED TO PERFECTION, HONOURING PAST GENERATIONS AND OUR LAND, WHILE TURNING OUR GAZE TO THE FUTURE.<\/span><\/p><h3> <\/h3><h3><span style=\"font-weight: 400;\">WE CALL UPON<\/span><\/h3><pre><span style=\"font-weight: 400;\">05 <\/span><\/pre><p><span style=\"font-weight: 400;\"> ARTISTS, CONNOISSEURS AND EXPLORERS ALIKE: JOIN US AND UNLEASH THE WISE POWER OF WINE MADE INTO ART.<\/span><\/p><p> <\/p>\t\t\t\t\t\t\t\t<\/div>\n\t\t\t\t<\/div>\n\t\t\t\t<div class=\"elementor-element elementor-element-45af652 elementor-widget elementor-widget-image\" data-id=\"45af652\" data-element_type=\"widget\" data-e-type=\"widget\" data-widget_type=\"image.default\">\n\t\t\t\t<div class=\"elementor-widget-container\">\n\t\t\t\t\t\t\t\t\t\t\t\t\t\t\t<img loading=\"lazy\" decoding=\"async\" width=\"935\" height=\"117\" src=\"https:\/\/montinafranciacorta.it\/wp-content\/uploads\/2025\/04\/colori-montina-franciacorta.png\" class=\"attachment-large size-large wp-image-45794\" alt=\"icona colori montina\" srcset=\"https:\/\/montinafranciacorta.it\/wp-content\/uploads\/2025\/04\/colori-montina-franciacorta.png 935w, https:\/\/montinafranciacorta.it\/wp-content\/uploads\/2025\/04\/colori-montina-franciacorta-300x38.png 300w, https:\/\/montinafranciacorta.it\/wp-content\/uploads\/2025\/04\/colori-montina-franciacorta-768x96.png 768w\" sizes=\"(max-width: 935px) 100vw, 935px\" \/>\t\t\t\t\t\t\t\t\t\t\t\t\t\t\t<\/div>\n\t\t\t\t<\/div>\n\t\t\t\t<div class=\"elementor-element elementor-element-425da55 elementor-widget elementor-widget-spacer\" data-id=\"425da55\" data-element_type=\"widget\" data-e-type=\"widget\" data-widget_type=\"spacer.default\">\n\t\t\t\t<div class=\"elementor-widget-container\">\n\t\t\t\t\t\t\t<div class=\"elementor-spacer\">\n\t\t\t<div class=\"elementor-spacer-inner\"><\/div>\n\t\t<\/div>\n\t\t\t\t\t\t<\/div>\n\t\t\t\t<\/div>\n\t\t\t\t\t<\/div>\n\t\t<\/div>\n\t\t\t\t<div class=\"elementor-column elementor-col-33 elementor-top-column elementor-element elementor-element-fe89f94\" data-id=\"fe89f94\" data-element_type=\"column\" data-e-type=\"column\">\n\t\t\t<div class=\"elementor-widget-wrap\">\n\t\t\t\t\t\t\t<\/div>\n\t\t<\/div>\n\t\t\t\t\t<\/div>\n\t\t<\/section>\n\t\t\t\t<\/div>\n\t\t","protected":false},"excerpt":{"rendered":"<p>Introducing The M Movement: Wine as the Eighth Art Wine as the Eighth Art We are proud to present The M Movement, our new cultural manifesto: a bold evolution that transforms Montina from a winery that celebrates art to a living, participatory creative workshop. With this project, we aim to affirm a vision that has&hellip;<\/p>\n","protected":false},"author":4,"featured_media":45774,"comment_status":"closed","ping_status":"closed","sticky":false,"template":"","format":"standard","meta":{"inline_featured_image":false,"footnotes":""},"categories":[426],"tags":[],"class_list":["post-45832","post","type-post","status-publish","format-standard","has-post-thumbnail","hentry","category-new-and-information"],"yoast_head":"<!-- This site is optimized with the Yoast SEO plugin v27.5 - https:\/\/yoast.com\/product\/yoast-seo-wordpress\/ -->\n<title>\u201cTHE M MOVEMENT\u201d WINE AS THE EIGHTH ART - Franciacorta wines Montina<\/title>\n<meta name=\"robots\" content=\"index, follow, max-snippet:-1, max-image-preview:large, max-video-preview:-1\" \/>\n<link rel=\"canonical\" href=\"https:\/\/montinafranciacorta.it\/en\/the-m-movement-wine-as-the-eighth-art\/\" \/>\n<meta property=\"og:locale\" content=\"en_US\" \/>\n<meta property=\"og:type\" content=\"article\" \/>\n<meta property=\"og:title\" content=\"\u201cTHE M MOVEMENT\u201d WINE AS THE EIGHTH ART - Franciacorta wines Montina\" \/>\n<meta property=\"og:description\" content=\"Introducing The M Movement: Wine as the Eighth Art Wine as the Eighth Art We are proud to present The M Movement, our new cultural manifesto: a bold evolution that transforms Montina from a winery that celebrates art to a living, participatory creative workshop. With this project, we aim to affirm a vision that has&hellip;\" \/>\n<meta property=\"og:url\" content=\"https:\/\/montinafranciacorta.it\/en\/the-m-movement-wine-as-the-eighth-art\/\" \/>\n<meta property=\"og:site_name\" content=\"Franciacorta wines Montina\" \/>\n<meta property=\"article:publisher\" content=\"https:\/\/www.facebook.com\/montinafranciacorta\" \/>\n<meta property=\"article:published_time\" content=\"2025-04-29T07:05:46+00:00\" \/>\n<meta property=\"article:modified_time\" content=\"2025-04-29T07:34:24+00:00\" \/>\n<meta property=\"og:image\" content=\"https:\/\/montinafranciacorta.it\/wp-content\/uploads\/2025\/04\/MONTINA_landing_img_01_desk.jpg\" \/>\n\t<meta property=\"og:image:width\" content=\"1920\" \/>\n\t<meta property=\"og:image:height\" content=\"1080\" \/>\n\t<meta property=\"og:image:type\" content=\"image\/jpeg\" \/>\n<meta name=\"author\" content=\"Montina\" \/>\n<meta name=\"twitter:card\" content=\"summary_large_image\" \/>\n<script type=\"application\/ld+json\" class=\"yoast-schema-graph\">{\"@context\":\"https:\\\/\\\/schema.org\",\"@graph\":[{\"@type\":\"Article\",\"@id\":\"https:\\\/\\\/montinafranciacorta.it\\\/en\\\/the-m-movement-wine-as-the-eighth-art\\\/#article\",\"isPartOf\":{\"@id\":\"https:\\\/\\\/montinafranciacorta.it\\\/en\\\/the-m-movement-wine-as-the-eighth-art\\\/\"},\"author\":{\"name\":\"Montina\",\"@id\":\"https:\\\/\\\/montinafranciacorta.it\\\/en\\\/#\\\/schema\\\/person\\\/da289a6893adffe9d9e8953883df6f44\"},\"headline\":\"\u201cTHE M MOVEMENT\u201d WINE AS THE EIGHTH ART\",\"datePublished\":\"2025-04-29T07:05:46+00:00\",\"dateModified\":\"2025-04-29T07:34:24+00:00\",\"mainEntityOfPage\":{\"@id\":\"https:\\\/\\\/montinafranciacorta.it\\\/en\\\/the-m-movement-wine-as-the-eighth-art\\\/\"},\"wordCount\":501,\"publisher\":{\"@id\":\"https:\\\/\\\/montinafranciacorta.it\\\/en\\\/#organization\"},\"image\":{\"@id\":\"https:\\\/\\\/montinafranciacorta.it\\\/en\\\/the-m-movement-wine-as-the-eighth-art\\\/#primaryimage\"},\"thumbnailUrl\":\"https:\\\/\\\/montinafranciacorta.it\\\/wp-content\\\/uploads\\\/2025\\\/04\\\/MONTINA_landing_img_01_desk.jpg\",\"articleSection\":[\"New and information\"],\"inLanguage\":\"en-US\"},{\"@type\":\"WebPage\",\"@id\":\"https:\\\/\\\/montinafranciacorta.it\\\/en\\\/the-m-movement-wine-as-the-eighth-art\\\/\",\"url\":\"https:\\\/\\\/montinafranciacorta.it\\\/en\\\/the-m-movement-wine-as-the-eighth-art\\\/\",\"name\":\"\u201cTHE M MOVEMENT\u201d WINE AS THE EIGHTH ART - Franciacorta wines Montina\",\"isPartOf\":{\"@id\":\"https:\\\/\\\/montinafranciacorta.it\\\/en\\\/#website\"},\"primaryImageOfPage\":{\"@id\":\"https:\\\/\\\/montinafranciacorta.it\\\/en\\\/the-m-movement-wine-as-the-eighth-art\\\/#primaryimage\"},\"image\":{\"@id\":\"https:\\\/\\\/montinafranciacorta.it\\\/en\\\/the-m-movement-wine-as-the-eighth-art\\\/#primaryimage\"},\"thumbnailUrl\":\"https:\\\/\\\/montinafranciacorta.it\\\/wp-content\\\/uploads\\\/2025\\\/04\\\/MONTINA_landing_img_01_desk.jpg\",\"datePublished\":\"2025-04-29T07:05:46+00:00\",\"dateModified\":\"2025-04-29T07:34:24+00:00\",\"breadcrumb\":{\"@id\":\"https:\\\/\\\/montinafranciacorta.it\\\/en\\\/the-m-movement-wine-as-the-eighth-art\\\/#breadcrumb\"},\"inLanguage\":\"en-US\",\"potentialAction\":[{\"@type\":\"ReadAction\",\"target\":[\"https:\\\/\\\/montinafranciacorta.it\\\/en\\\/the-m-movement-wine-as-the-eighth-art\\\/\"]}]},{\"@type\":\"ImageObject\",\"inLanguage\":\"en-US\",\"@id\":\"https:\\\/\\\/montinafranciacorta.it\\\/en\\\/the-m-movement-wine-as-the-eighth-art\\\/#primaryimage\",\"url\":\"https:\\\/\\\/montinafranciacorta.it\\\/wp-content\\\/uploads\\\/2025\\\/04\\\/MONTINA_landing_img_01_desk.jpg\",\"contentUrl\":\"https:\\\/\\\/montinafranciacorta.it\\\/wp-content\\\/uploads\\\/2025\\\/04\\\/MONTINA_landing_img_01_desk.jpg\",\"width\":1920,\"height\":1080,\"caption\":\"manifesto the mmovement montina franciacorta campagna 2025\"},{\"@type\":\"BreadcrumbList\",\"@id\":\"https:\\\/\\\/montinafranciacorta.it\\\/en\\\/the-m-movement-wine-as-the-eighth-art\\\/#breadcrumb\",\"itemListElement\":[{\"@type\":\"ListItem\",\"position\":1,\"name\":\"Home\",\"item\":\"https:\\\/\\\/montinafranciacorta.it\\\/en\\\/\"},{\"@type\":\"ListItem\",\"position\":2,\"name\":\"\u201cTHE M MOVEMENT\u201d WINE AS THE EIGHTH ART\"}]},{\"@type\":\"WebSite\",\"@id\":\"https:\\\/\\\/montinafranciacorta.it\\\/en\\\/#website\",\"url\":\"https:\\\/\\\/montinafranciacorta.it\\\/en\\\/\",\"name\":\"Montina Franciacorta\",\"description\":\"Cantina in Franciacorta\",\"publisher\":{\"@id\":\"https:\\\/\\\/montinafranciacorta.it\\\/en\\\/#organization\"},\"potentialAction\":[{\"@type\":\"SearchAction\",\"target\":{\"@type\":\"EntryPoint\",\"urlTemplate\":\"https:\\\/\\\/montinafranciacorta.it\\\/en\\\/?s={search_term_string}\"},\"query-input\":{\"@type\":\"PropertyValueSpecification\",\"valueRequired\":true,\"valueName\":\"search_term_string\"}}],\"inLanguage\":\"en-US\"},{\"@type\":\"Organization\",\"@id\":\"https:\\\/\\\/montinafranciacorta.it\\\/en\\\/#organization\",\"name\":\"La Montina Srl\",\"alternateName\":\"Montina Franciacorta\",\"url\":\"https:\\\/\\\/montinafranciacorta.it\\\/en\\\/\",\"logo\":{\"@type\":\"ImageObject\",\"inLanguage\":\"en-US\",\"@id\":\"https:\\\/\\\/montinafranciacorta.it\\\/en\\\/#\\\/schema\\\/logo\\\/image\\\/\",\"url\":\"https:\\\/\\\/montinafranciacorta.it\\\/wp-content\\\/uploads\\\/2023\\\/04\\\/1.png\",\"contentUrl\":\"https:\\\/\\\/montinafranciacorta.it\\\/wp-content\\\/uploads\\\/2023\\\/04\\\/1.png\",\"width\":500,\"height\":500,\"caption\":\"La Montina Srl\"},\"image\":{\"@id\":\"https:\\\/\\\/montinafranciacorta.it\\\/en\\\/#\\\/schema\\\/logo\\\/image\\\/\"},\"sameAs\":[\"https:\\\/\\\/www.facebook.com\\\/montinafranciacorta\",\"https:\\\/\\\/www.instagram.com\\\/montinafranciacorta\"]},{\"@type\":\"Person\",\"@id\":\"https:\\\/\\\/montinafranciacorta.it\\\/en\\\/#\\\/schema\\\/person\\\/da289a6893adffe9d9e8953883df6f44\",\"name\":\"Montina\"}]}<\/script>\n<!-- \/ Yoast SEO plugin. -->","yoast_head_json":{"title":"\u201cTHE M MOVEMENT\u201d WINE AS THE EIGHTH ART - Franciacorta wines Montina","robots":{"index":"index","follow":"follow","max-snippet":"max-snippet:-1","max-image-preview":"max-image-preview:large","max-video-preview":"max-video-preview:-1"},"canonical":"https:\/\/montinafranciacorta.it\/en\/the-m-movement-wine-as-the-eighth-art\/","og_locale":"en_US","og_type":"article","og_title":"\u201cTHE M MOVEMENT\u201d WINE AS THE EIGHTH ART - Franciacorta wines Montina","og_description":"Introducing The M Movement: Wine as the Eighth Art Wine as the Eighth Art We are proud to present The M Movement, our new cultural manifesto: a bold evolution that transforms Montina from a winery that celebrates art to a living, participatory creative workshop. With this project, we aim to affirm a vision that has&hellip;","og_url":"https:\/\/montinafranciacorta.it\/en\/the-m-movement-wine-as-the-eighth-art\/","og_site_name":"Franciacorta wines Montina","article_publisher":"https:\/\/www.facebook.com\/montinafranciacorta","article_published_time":"2025-04-29T07:05:46+00:00","article_modified_time":"2025-04-29T07:34:24+00:00","og_image":[{"width":1920,"height":1080,"url":"https:\/\/montinafranciacorta.it\/wp-content\/uploads\/2025\/04\/MONTINA_landing_img_01_desk.jpg","type":"image\/jpeg"}],"author":"Montina","twitter_card":"summary_large_image","schema":{"@context":"https:\/\/schema.org","@graph":[{"@type":"Article","@id":"https:\/\/montinafranciacorta.it\/en\/the-m-movement-wine-as-the-eighth-art\/#article","isPartOf":{"@id":"https:\/\/montinafranciacorta.it\/en\/the-m-movement-wine-as-the-eighth-art\/"},"author":{"name":"Montina","@id":"https:\/\/montinafranciacorta.it\/en\/#\/schema\/person\/da289a6893adffe9d9e8953883df6f44"},"headline":"\u201cTHE M MOVEMENT\u201d WINE AS THE EIGHTH ART","datePublished":"2025-04-29T07:05:46+00:00","dateModified":"2025-04-29T07:34:24+00:00","mainEntityOfPage":{"@id":"https:\/\/montinafranciacorta.it\/en\/the-m-movement-wine-as-the-eighth-art\/"},"wordCount":501,"publisher":{"@id":"https:\/\/montinafranciacorta.it\/en\/#organization"},"image":{"@id":"https:\/\/montinafranciacorta.it\/en\/the-m-movement-wine-as-the-eighth-art\/#primaryimage"},"thumbnailUrl":"https:\/\/montinafranciacorta.it\/wp-content\/uploads\/2025\/04\/MONTINA_landing_img_01_desk.jpg","articleSection":["New and information"],"inLanguage":"en-US"},{"@type":"WebPage","@id":"https:\/\/montinafranciacorta.it\/en\/the-m-movement-wine-as-the-eighth-art\/","url":"https:\/\/montinafranciacorta.it\/en\/the-m-movement-wine-as-the-eighth-art\/","name":"\u201cTHE M MOVEMENT\u201d WINE AS THE EIGHTH ART - Franciacorta wines Montina","isPartOf":{"@id":"https:\/\/montinafranciacorta.it\/en\/#website"},"primaryImageOfPage":{"@id":"https:\/\/montinafranciacorta.it\/en\/the-m-movement-wine-as-the-eighth-art\/#primaryimage"},"image":{"@id":"https:\/\/montinafranciacorta.it\/en\/the-m-movement-wine-as-the-eighth-art\/#primaryimage"},"thumbnailUrl":"https:\/\/montinafranciacorta.it\/wp-content\/uploads\/2025\/04\/MONTINA_landing_img_01_desk.jpg","datePublished":"2025-04-29T07:05:46+00:00","dateModified":"2025-04-29T07:34:24+00:00","breadcrumb":{"@id":"https:\/\/montinafranciacorta.it\/en\/the-m-movement-wine-as-the-eighth-art\/#breadcrumb"},"inLanguage":"en-US","potentialAction":[{"@type":"ReadAction","target":["https:\/\/montinafranciacorta.it\/en\/the-m-movement-wine-as-the-eighth-art\/"]}]},{"@type":"ImageObject","inLanguage":"en-US","@id":"https:\/\/montinafranciacorta.it\/en\/the-m-movement-wine-as-the-eighth-art\/#primaryimage","url":"https:\/\/montinafranciacorta.it\/wp-content\/uploads\/2025\/04\/MONTINA_landing_img_01_desk.jpg","contentUrl":"https:\/\/montinafranciacorta.it\/wp-content\/uploads\/2025\/04\/MONTINA_landing_img_01_desk.jpg","width":1920,"height":1080,"caption":"manifesto the mmovement montina franciacorta campagna 2025"},{"@type":"BreadcrumbList","@id":"https:\/\/montinafranciacorta.it\/en\/the-m-movement-wine-as-the-eighth-art\/#breadcrumb","itemListElement":[{"@type":"ListItem","position":1,"name":"Home","item":"https:\/\/montinafranciacorta.it\/en\/"},{"@type":"ListItem","position":2,"name":"\u201cTHE M MOVEMENT\u201d WINE AS THE EIGHTH ART"}]},{"@type":"WebSite","@id":"https:\/\/montinafranciacorta.it\/en\/#website","url":"https:\/\/montinafranciacorta.it\/en\/","name":"Montina Franciacorta","description":"Cantina in Franciacorta","publisher":{"@id":"https:\/\/montinafranciacorta.it\/en\/#organization"},"potentialAction":[{"@type":"SearchAction","target":{"@type":"EntryPoint","urlTemplate":"https:\/\/montinafranciacorta.it\/en\/?s={search_term_string}"},"query-input":{"@type":"PropertyValueSpecification","valueRequired":true,"valueName":"search_term_string"}}],"inLanguage":"en-US"},{"@type":"Organization","@id":"https:\/\/montinafranciacorta.it\/en\/#organization","name":"La Montina Srl","alternateName":"Montina Franciacorta","url":"https:\/\/montinafranciacorta.it\/en\/","logo":{"@type":"ImageObject","inLanguage":"en-US","@id":"https:\/\/montinafranciacorta.it\/en\/#\/schema\/logo\/image\/","url":"https:\/\/montinafranciacorta.it\/wp-content\/uploads\/2023\/04\/1.png","contentUrl":"https:\/\/montinafranciacorta.it\/wp-content\/uploads\/2023\/04\/1.png","width":500,"height":500,"caption":"La Montina Srl"},"image":{"@id":"https:\/\/montinafranciacorta.it\/en\/#\/schema\/logo\/image\/"},"sameAs":["https:\/\/www.facebook.com\/montinafranciacorta","https:\/\/www.instagram.com\/montinafranciacorta"]},{"@type":"Person","@id":"https:\/\/montinafranciacorta.it\/en\/#\/schema\/person\/da289a6893adffe9d9e8953883df6f44","name":"Montina"}]}},"_links":{"self":[{"href":"https:\/\/montinafranciacorta.it\/en\/wp-json\/wp\/v2\/posts\/45832","targetHints":{"allow":["GET"]}}],"collection":[{"href":"https:\/\/montinafranciacorta.it\/en\/wp-json\/wp\/v2\/posts"}],"about":[{"href":"https:\/\/montinafranciacorta.it\/en\/wp-json\/wp\/v2\/types\/post"}],"author":[{"embeddable":true,"href":"https:\/\/montinafranciacorta.it\/en\/wp-json\/wp\/v2\/users\/4"}],"replies":[{"embeddable":true,"href":"https:\/\/montinafranciacorta.it\/en\/wp-json\/wp\/v2\/comments?post=45832"}],"version-history":[{"count":0,"href":"https:\/\/montinafranciacorta.it\/en\/wp-json\/wp\/v2\/posts\/45832\/revisions"}],"wp:featuredmedia":[{"embeddable":true,"href":"https:\/\/montinafranciacorta.it\/en\/wp-json\/wp\/v2\/media\/45774"}],"wp:attachment":[{"href":"https:\/\/montinafranciacorta.it\/en\/wp-json\/wp\/v2\/media?parent=45832"}],"wp:term":[{"taxonomy":"category","embeddable":true,"href":"https:\/\/montinafranciacorta.it\/en\/wp-json\/wp\/v2\/categories?post=45832"},{"taxonomy":"post_tag","embeddable":true,"href":"https:\/\/montinafranciacorta.it\/en\/wp-json\/wp\/v2\/tags?post=45832"}],"curies":[{"name":"wp","href":"https:\/\/api.w.org\/{rel}","templated":true}]}}